{"id":876,"date":"2014-07-27T17:55:09","date_gmt":"2014-07-27T15:55:09","guid":{"rendered":"http:\/\/www.campibisenzio5stelle.it\/wp\/?p=876"},"modified":"2014-07-27T17:58:01","modified_gmt":"2014-07-27T15:58:01","slug":"contributo-affitto-unaltra-tegola-sulla-testa-dei-cittadini","status":"publish","type":"post","link":"https:\/\/www.campibisenzio5stelle.it\/wp\/2014\/07\/27\/contributo-affitto-unaltra-tegola-sulla-testa-dei-cittadini\/","title":{"rendered":"Contributo affitto, un&#8217;altra tegola sulla testa dei cittadini."},"content":{"rendered":"<p><a href=\"http:\/\/www.campibisenzio5stelle.it\/wp\/wp-content\/uploads\/2014\/07\/cedolare-secca-affitti-diritti-inquilini.jpg\"><img loading=\"lazy\" decoding=\"async\" class=\"alignleft size-medium wp-image-877\" alt=\"cedolare-secca-affitti-diritti-inquilini\" src=\"https:\/\/www.campibisenzio5stelle.it\/wp\/wp-content\/uploads\/2014\/07\/cedolare-secca-affitti-diritti-inquilini-300x132.jpg\" width=\"300\" height=\"132\" srcset=\"https:\/\/www.campibisenzio5stelle.it\/wp\/wp-content\/uploads\/2014\/07\/cedolare-secca-affitti-diritti-inquilini-300x132.jpg 300w, https:\/\/www.campibisenzio5stelle.it\/wp\/wp-content\/uploads\/2014\/07\/cedolare-secca-affitti-diritti-inquilini-500x220.jpg 500w, https:\/\/www.campibisenzio5stelle.it\/wp\/wp-content\/uploads\/2014\/07\/cedolare-secca-affitti-diritti-inquilini.jpg 610w\" sizes=\"(max-width: 300px) 100vw, 300px\" \/><\/a>Il M5S di Campi Bisenzio da sempre in prima linea nella lotta per l\u2019emergenza abitativa, ancora una volta denuncia quanto il problema sia scarsamente affrontato da questa Giunta. Riceviamo quotidianamente lamentele da parte dei cittadini riguardanti i vari disservizi che questa Amministrazione inanella con l\u2019andare del tempo. Ultima tra questi \u00e8 il contributo affitto che gi\u00e0 nel gennaio 2014 la giunta si \u00e8 impegnata ad erogare. Adesso, dopo l&#8217;erogazione della prima trance e all&#8217;erogazione di una parte ma non del saldo, le famiglie beneficiarie si sono sentite dire dal Comune che non ci sono pi\u00f9 soldi, anche se la Regione Toscana ha ripartito per questo tipo di intervento al Comune di Campi Bisenzio, la bellezza di 104.296,62 euro a cui si devono aggiungere i 97.000 euro stanziati dal comune stesso. Non si capisce del perch\u00e9 non ci siano pi\u00f9 soldi. Stessa sorte \u00e8 toccata per il &#8220;bonus&#8221; libri di testo, evaporato nel nulla. I Consiglieri del Movimento 5 Stelle di Campi Bisenzio, si sono immediatamente attivati per richiedere un Question time nel prossimo consiglio comunale del 29 luglio, per capire come realmente stanno le cose ed eventualmente dove sono andati a finire i soldi stanziati. Tutti i cittadini sono invitati al Consiglio Comunale. Ancora una volta il M5S invita la cittadinanza tutta ad un\u2019 ampia partecipazione, pi\u00f9 partecipiamo, e pi\u00f9 siamo forti nelle nostre ragioni.<\/p>\n","protected":false},"excerpt":{"rendered":"<p>Il M5S di Campi Bisenzio da sempre in prima linea nella lotta per l\u2019emergenza abitativa, ancora una volta denuncia quanto il problema sia scarsamente affrontato da questa Giunta. Riceviamo quotidianamente lamentele da parte dei cittadini riguardanti i vari disservizi che questa Amministrazione inanella con l\u2019andare del tempo. Ultima tra questi \u00e8 il contributo affitto che &hellip; <a href=\"https:\/\/www.campibisenzio5stelle.it\/wp\/2014\/07\/27\/contributo-affitto-unaltra-tegola-sulla-testa-dei-cittadini\/\" class=\"more-link\">Continua a leggere <span class=\"screen-reader-text\">Contributo affitto, un&#8217;altra tegola sulla testa dei cittadini.<\/span><\/a><\/p>\n","protected":false},"author":3,"featured_media":0,"comment_status":"open","ping_status":"open","sticky":false,"template":"","format":"standard","meta":{"_bbp_topic_count":0,"_bbp_reply_count":0,"_bbp_total_topic_count":0,"_bbp_total_reply_count":0,"_bbp_voice_count":0,"_bbp_anonymous_reply_count":0,"_bbp_topic_count_hidden":0,"_bbp_reply_count_hidden":0,"_bbp_forum_subforum_count":0,"footnotes":""},"categories":[6,38,15,8,58,3,7,1],"tags":[],"_links":{"self":[{"href":"https:\/\/www.campibisenzio5stelle.it\/wp\/wp-json\/wp\/v2\/posts\/876"}],"collection":[{"href":"https:\/\/www.campibisenzio5stelle.it\/wp\/wp-json\/wp\/v2\/posts"}],"about":[{"href":"https:\/\/www.campibisenzio5stelle.it\/wp\/wp-json\/wp\/v2\/types\/post"}],"author":[{"embeddable":true,"href":"https:\/\/www.campibisenzio5stelle.it\/wp\/wp-json\/wp\/v2\/users\/3"}],"replies":[{"embeddable":true,"href":"https:\/\/www.campibisenzio5stelle.it\/wp\/wp-json\/wp\/v2\/comments?post=876"}],"version-history":[{"count":3,"href":"https:\/\/www.campibisenzio5stelle.it\/wp\/wp-json\/wp\/v2\/posts\/876\/revisions"}],"predecessor-version":[{"id":880,"href":"https:\/\/www.campibisenzio5stelle.it\/wp\/wp-json\/wp\/v2\/posts\/876\/revisions\/880"}],"wp:attachment":[{"href":"https:\/\/www.campibisenzio5stelle.it\/wp\/wp-json\/wp\/v2\/media?parent=876"}],"wp:term":[{"taxonomy":"category","embeddable":true,"href":"https:\/\/www.campibisenzio5stelle.it\/wp\/wp-json\/wp\/v2\/categories?post=876"},{"taxonomy":"post_tag","embeddable":true,"href":"https:\/\/www.campibisenzio5stelle.it\/wp\/wp-json\/wp\/v2\/tags?post=876"}],"curies":[{"name":"wp","href":"https:\/\/api.w.org\/{rel}","templated":true}]}}