{"id":957,"date":"2015-05-20T18:16:59","date_gmt":"2015-05-20T16:16:59","guid":{"rendered":"http:\/\/www.campibisenzio5stelle.it\/wp\/?p=957"},"modified":"2015-05-20T18:16:59","modified_gmt":"2015-05-20T16:16:59","slug":"campi-bisenzio-la-maggioranza-azzoppa-la-delibera-no-aeroporto","status":"publish","type":"post","link":"https:\/\/www.campibisenzio5stelle.it\/wp\/2015\/05\/20\/campi-bisenzio-la-maggioranza-azzoppa-la-delibera-no-aeroporto\/","title":{"rendered":"Campi Bisenzio: la maggioranza azzoppa la delibera no aeroporto"},"content":{"rendered":"<p><a href=\"http:\/\/www.campibisenzio5stelle.it\/wp\/wp-content\/uploads\/2015\/05\/img_1052.jpg\"><img loading=\"lazy\" decoding=\"async\" class=\"alignright  wp-image-960\" src=\"https:\/\/www.campibisenzio5stelle.it\/wp\/wp-content\/uploads\/2015\/05\/img_1052.jpg\" alt=\"img_1052\" width=\"345\" height=\"262\" \/><\/a>Niente osservatori al tavolo dei sindaci e assemblea pubblica sospesa nel limbo.<\/p>\n<p>Il Consiglio comunale di marted\u00ec era segnato dalla delibera della Corte dei Conti che ha certificato come il bilancio 2013 (il primo a firma della giunta Fossi) sia stato &#8220;non veritiero&#8221;: l&#8217;avanzo di 1,88 milioni era in realt\u00e0 un ammanco di 2,54 milioni [1, p.6]. Forse per quello il sindaco era pi\u00f9 nervoso e maleducato del solito, quando ha interrotto ripetutamente un intervento dell&#8217;opposizione.<\/p>\n<p>A fine Consiglio \u00e8 stato discusso l&#8217;ordine del giorno no-aeroporto, nato da una collaborazione tra i consiglieri di opposizione della Piana e i Comitati. A Campi \u00e8 stato presentato dal M5S [2]. L&#8217;atto chiedeva di esprimere la contrariet\u00e0 alla nuova pista, chiedeva una maggiore trasparenza nel processo decisionale aggiungendo due consiglieri comunali al famoso &#8220;tavolo dei sindaci&#8221; [3] e chiedeva che fosse finalmente indetta una assemblea popolare in cui approfondire la posizione dell&#8217;Amministrazione Comunale sul tema aeroporto.<\/p>\n<p>Un identico ordine del giorno \u00e8 stato approvato a Sesto Fiorentino, ma a Campi \u00e8 andata diversamente.<\/p>\n<p>Un primo emendamento inserito dalla maggioranza ha cassato la presenza dei consiglieri al tavolo dei sindaci: Loiero (PD) ha sostenuto che tale partecipazione \u00e8 superflua, in quanto ci pensa il sindaco a rappresentare equanimemente tutti i cittadini.<\/p>\n<p>Il secondo emendamento (proposto da Ridolfi) ha cassato il termine di 15 giorni per convocare l&#8217;assemblea pubblica. Dai banchi della maggioranza si \u00e8 detto che anche 30 giorni erano troppo pochi: meglio non mettere alcuna data! Cos\u00ec magari l&#8217;assemblea la facciamo dopo l&#8217;inaugurazione della pista&#8230;<\/p>\n<p>Si conferma cos\u00ec l&#8217;atteggiamento ambiguo del PD, i cui vertici (Rossi, amici di Renzi &amp; Co.) vogliono l&#8217;aeroporto mentre gli amministratori locali non dicono n\u00e9 s\u00ec n\u00e9 no. L&#8217;unica conferma \u00e8 la volont\u00e0 di agire senza trasparenza e sfuggire al confronto con i cittadini.<\/p>\n<p>[1] <a href=\"http:\/\/www.campibisenzio5stelle.it\/wiki\/images\/7\/79\/2015-03-31_corte-conti_del-38.2015.pdf\">http:\/\/www.campibisenzio5stelle.it\/wiki\/images\/7\/79\/2015-03-31_corte-conti_del-38.2015.pdf<\/a><br \/>\n[2] <a href=\"http:\/\/www.campibisenzio5stelle.it\/wiki\/images\/4\/44\/2015-04-30_cc-odg-aeroporto.pdf\">http:\/\/www.campibisenzio5stelle.it\/wiki\/images\/4\/44\/2015-04-30_cc-odg-aeroporto.pdf<\/a><br \/>\n[3] <a href=\"https:\/\/mentelocaledellapiana.wordpress.com\/2015\/03\/25\/i-guardiani-della-galassia\/\">https:\/\/mentelocaledellapiana.wordpress.com\/2015\/03\/25\/i-guardiani-della-galassia\/<\/a><\/p>\n","protected":false},"excerpt":{"rendered":"<p>Niente osservatori al tavolo dei sindaci e assemblea pubblica sospesa nel limbo. Il Consiglio comunale di marted\u00ec era segnato dalla delibera della Corte dei Conti che ha certificato come il bilancio 2013 (il primo a firma della giunta Fossi) sia stato &#8220;non veritiero&#8221;: l&#8217;avanzo di 1,88 milioni era in realt\u00e0 un ammanco di 2,54 milioni &hellip; <a href=\"https:\/\/www.campibisenzio5stelle.it\/wp\/2015\/05\/20\/campi-bisenzio-la-maggioranza-azzoppa-la-delibera-no-aeroporto\/\" class=\"more-link\">Continua a leggere <span class=\"screen-reader-text\">Campi Bisenzio: la maggioranza azzoppa la delibera no aeroporto<\/span><\/a><\/p>\n","protected":false},"author":2,"featured_media":0,"comment_status":"open","ping_status":"open","sticky":false,"template":"","format":"standard","meta":{"_bbp_topic_count":0,"_bbp_reply_count":0,"_bbp_total_topic_count":0,"_bbp_total_reply_count":0,"_bbp_voice_count":0,"_bbp_anonymous_reply_count":0,"_bbp_topic_count_hidden":0,"_bbp_reply_count_hidden":0,"_bbp_forum_subforum_count":0,"footnotes":""},"categories":[1],"tags":[],"_links":{"self":[{"href":"https:\/\/www.campibisenzio5stelle.it\/wp\/wp-json\/wp\/v2\/posts\/957"}],"collection":[{"href":"https:\/\/www.campibisenzio5stelle.it\/wp\/wp-json\/wp\/v2\/posts"}],"about":[{"href":"https:\/\/www.campibisenzio5stelle.it\/wp\/wp-json\/wp\/v2\/types\/post"}],"author":[{"embeddable":true,"href":"https:\/\/www.campibisenzio5stelle.it\/wp\/wp-json\/wp\/v2\/users\/2"}],"replies":[{"embeddable":true,"href":"https:\/\/www.campibisenzio5stelle.it\/wp\/wp-json\/wp\/v2\/comments?post=957"}],"version-history":[{"count":3,"href":"https:\/\/www.campibisenzio5stelle.it\/wp\/wp-json\/wp\/v2\/posts\/957\/revisions"}],"predecessor-version":[{"id":961,"href":"https:\/\/www.campibisenzio5stelle.it\/wp\/wp-json\/wp\/v2\/posts\/957\/revisions\/961"}],"wp:attachment":[{"href":"https:\/\/www.campibisenzio5stelle.it\/wp\/wp-json\/wp\/v2\/media?parent=957"}],"wp:term":[{"taxonomy":"category","embeddable":true,"href":"https:\/\/www.campibisenzio5stelle.it\/wp\/wp-json\/wp\/v2\/categories?post=957"},{"taxonomy":"post_tag","embeddable":true,"href":"https:\/\/www.campibisenzio5stelle.it\/wp\/wp-json\/wp\/v2\/tags?post=957"}],"curies":[{"name":"wp","href":"https:\/\/api.w.org\/{rel}","templated":true}]}}