{"id":974,"date":"2015-06-29T17:06:48","date_gmt":"2015-06-29T15:06:48","guid":{"rendered":"http:\/\/www.campibisenzio5stelle.it\/wp\/?p=974"},"modified":"2015-08-01T07:03:41","modified_gmt":"2015-08-01T05:03:41","slug":"presidio-sul-problema-%e2%80%aa%e2%80%8ecasa%e2%80%ac-a-%e2%80%aa%e2%80%8ecampibisenzio%e2%80%ac-un-bilancio","status":"publish","type":"post","link":"https:\/\/www.campibisenzio5stelle.it\/wp\/2015\/06\/29\/presidio-sul-problema-%e2%80%aa%e2%80%8ecasa%e2%80%ac-a-%e2%80%aa%e2%80%8ecampibisenzio%e2%80%ac-un-bilancio\/","title":{"rendered":"Presidio sul problema \u202a\u200ecasa\u202c a \u202aCampi Bisenzio\u202c: un bilancio"},"content":{"rendered":"<p>Il presidio di Salvatore era durato meno di un giorno: il 19 maggio i vigili avevano smantellato il suo gazebo senza tanti complimenti perch\u00e9 il permesso ottenuto in Questura aveva una grammatica non perfetta. I maligni dicono piuttosto che le telecamere di RAI3 (invitate per il matrimonio gay) non dovevano vedere quella protesta&#8230;<\/p>\n<p>Per questo il MoVimento ha deciso di affiancare i cittadini in un nuovo presidio<span class=\"text_exposed_show\">, che \u00e8 durato dal 18 al 23 giugno.\u00a0<\/span><\/p>\n<div class=\"text_exposed_show\">\n<p><img loading=\"lazy\" decoding=\"async\" class=\" size-medium wp-image-975 alignleft\" src=\"https:\/\/www.campibisenzio5stelle.it\/wp\/wp-content\/uploads\/2015\/06\/Immagine-emergenza-300x225.jpg\" alt=\"Immagine emergenza\" width=\"300\" height=\"225\" srcset=\"https:\/\/www.campibisenzio5stelle.it\/wp\/wp-content\/uploads\/2015\/06\/Immagine-emergenza-300x225.jpg 300w, https:\/\/www.campibisenzio5stelle.it\/wp\/wp-content\/uploads\/2015\/06\/Immagine-emergenza-1024x768.jpg 1024w, https:\/\/www.campibisenzio5stelle.it\/wp\/wp-content\/uploads\/2015\/06\/Immagine-emergenza-400x300.jpg 400w, https:\/\/www.campibisenzio5stelle.it\/wp\/wp-content\/uploads\/2015\/06\/Immagine-emergenza.jpg 2048w\" sizes=\"(max-width: 300px) 100vw, 300px\" \/>Abbiamo raccolto testimonianze dure che generalmente si crede riguardino solo cittadini emarginati e casi isolati. Persone che dormono in macchina da anni, mamme in situazioni disperate che vengono separate dai figli, anziani che si trovano di punto in bianco fuori casa, famiglie intere che dopo anni di onesto lavoro dovrebbero traslocare per strada, coppie che hanno solo un vecchio camper come tetto.<\/p>\n<p>I cittadini per\u00f2 hanno capito che il tema riguarda tutti; basta perdere il lavoro per diventare &#8220;barboni&#8221; dall&#8217;oggi al domani. Infatti le firme raccolte per sensibilizzare l&#8217;Amministrazione sul problema sono tantissime.<\/p>\n<p>Nell&#8217;ultimo anno l&#8217;Amministrazione non ha prodotto risultati tangibili. Anzi, nel tentativo di negare l&#8217;emergenza, contatta i senza casa per convincerli a togliere la residenza dalla &#8220;Casa comunale&#8221; (cio\u00e8 la certificazione di essere homeless). Evidentemente averne pi\u00f9 di 60 fa vergogna e si cerca di sgonfiare il numero. Per confronto Sesto, che ha pi\u00f9 residenti, ha solo 26 senza tetto.<\/p>\n<p>Hanno fatto visita al presidio i neo-consiglieri regionali M5S Giannarelli e Quartini, che avrebbero voluto scambiare qualche opinione con il nostro sindaco. Hanno trovato il portone chiuso, nessuno ha risposto al campanello; non il sindaco, non un assessore, neanche il portavoce si \u00e8 scomodato. Hanno mandato avanti ancora una volta i vigili, gli unici volti che questa Amministrazione ha deciso di presentare verso i cittadini.<\/p>\n<p>Il 22 giugno abbiamo chiesto un incontro urgente con l&#8217;assessore Ricci, l&#8217;appuntamento \u00e8 arrivato per il 7 di luglio. Nel frattempo presentiamo in Consiglio comunale una mozione per censire il patrimonio immobiliare sfitto del nostro Comune. Quanti appartamenti vuoti ci sono? Appartengono a piccoli proprietari o grandi gruppi finanziari? Sessanta persona senza una casa \u00e8 un&#8217;emergenza paragonabile ad un terremoto o un&#8217;inondazione: il sindaco che fa?<\/p>\n<\/div>\n","protected":false},"excerpt":{"rendered":"<p>Il presidio di Salvatore era durato meno di un giorno: il 19 maggio i vigili avevano smantellato il suo gazebo senza tanti complimenti perch\u00e9 il permesso ottenuto in Questura aveva una grammatica non perfetta. I maligni dicono piuttosto che le telecamere di RAI3 (invitate per il matrimonio gay) non dovevano vedere quella protesta&#8230; Per questo &hellip; <a href=\"https:\/\/www.campibisenzio5stelle.it\/wp\/2015\/06\/29\/presidio-sul-problema-%e2%80%aa%e2%80%8ecasa%e2%80%ac-a-%e2%80%aa%e2%80%8ecampibisenzio%e2%80%ac-un-bilancio\/\" class=\"more-link\">Continua a leggere <span class=\"screen-reader-text\">Presidio sul problema \u202a\u200ecasa\u202c a \u202aCampi Bisenzio\u202c: un bilancio<\/span><\/a><\/p>\n","protected":false},"author":202,"featured_media":0,"comment_status":"open","ping_status":"open","sticky":false,"template":"","format":"standard","meta":{"_bbp_topic_count":0,"_bbp_reply_count":0,"_bbp_total_topic_count":0,"_bbp_total_reply_count":0,"_bbp_voice_count":0,"_bbp_anonymous_reply_count":0,"_bbp_topic_count_hidden":0,"_bbp_reply_count_hidden":0,"_bbp_forum_subforum_count":0,"footnotes":""},"categories":[1],"tags":[],"_links":{"self":[{"href":"https:\/\/www.campibisenzio5stelle.it\/wp\/wp-json\/wp\/v2\/posts\/974"}],"collection":[{"href":"https:\/\/www.campibisenzio5stelle.it\/wp\/wp-json\/wp\/v2\/posts"}],"about":[{"href":"https:\/\/www.campibisenzio5stelle.it\/wp\/wp-json\/wp\/v2\/types\/post"}],"author":[{"embeddable":true,"href":"https:\/\/www.campibisenzio5stelle.it\/wp\/wp-json\/wp\/v2\/users\/202"}],"replies":[{"embeddable":true,"href":"https:\/\/www.campibisenzio5stelle.it\/wp\/wp-json\/wp\/v2\/comments?post=974"}],"version-history":[{"count":2,"href":"https:\/\/www.campibisenzio5stelle.it\/wp\/wp-json\/wp\/v2\/posts\/974\/revisions"}],"predecessor-version":[{"id":986,"href":"https:\/\/www.campibisenzio5stelle.it\/wp\/wp-json\/wp\/v2\/posts\/974\/revisions\/986"}],"wp:attachment":[{"href":"https:\/\/www.campibisenzio5stelle.it\/wp\/wp-json\/wp\/v2\/media?parent=974"}],"wp:term":[{"taxonomy":"category","embeddable":true,"href":"https:\/\/www.campibisenzio5stelle.it\/wp\/wp-json\/wp\/v2\/categories?post=974"},{"taxonomy":"post_tag","embeddable":true,"href":"https:\/\/www.campibisenzio5stelle.it\/wp\/wp-json\/wp\/v2\/tags?post=974"}],"curies":[{"name":"wp","href":"https:\/\/api.w.org\/{rel}","templated":true}]}}